{"id":14933,"date":"2024-05-13T16:03:24","date_gmt":"2024-05-13T14:03:24","guid":{"rendered":"https:\/\/www.afapaucasalshorta.cat\/?p=14933"},"modified":"2024-05-13T16:32:16","modified_gmt":"2024-05-13T14:32:16","slug":"lescola-es-torna-a-presentar-al-projecte-transformem-els-patis","status":"publish","type":"post","link":"https:\/\/www.afapaucasalshorta.cat\/es\/2024\/05\/13\/lescola-es-torna-a-presentar-al-projecte-transformem-els-patis\/","title":{"rendered":"L&#8217;escola es torna a presentar al projecte Transformem els patis"},"content":{"rendered":"<div data-elementor-type=\"wp-post\" data-elementor-id=\"14933\" class=\"elementor elementor-14933\">\n\t\t\t\t\t\t<section class=\"elementor-section elementor-top-section elementor-element elementor-element-33a8a919 elementor-section-content-middle elementor-section-boxed elementor-section-height-default elementor-section-height-default\" data-id=\"33a8a919\" data-element_type=\"section\" data-e-type=\"section\" data-settings=\"{&quot;background_background&quot;:&quot;classic&quot;}\">\n\t\t\t\t\t\t<div class=\"elementor-container elementor-column-gap-no\">\n\t\t\t\t\t<div class=\"elementor-column elementor-col-100 elementor-top-column elementor-element elementor-element-157ceb44\" data-id=\"157ceb44\" data-element_type=\"column\" data-e-type=\"column\">\n\t\t\t<div class=\"elementor-widget-wrap elementor-element-populated\">\n\t\t\t\t\t\t<div class=\"elementor-element elementor-element-1a35189c elementor-align-center elementor-widget elementor-widget-button\" data-id=\"1a35189c\" data-element_type=\"widget\" data-e-type=\"widget\" data-widget_type=\"button.default\">\n\t\t\t\t<div class=\"elementor-widget-container\">\n\t\t\t\t\t\t\t\t\t<div class=\"elementor-button-wrapper\">\n\t\t\t\t\t<a class=\"elementor-button elementor-button-link elementor-size-sm elementor-animation-grow\" href=\"https:\/\/www.afapaucasalshorta.cat\/es\/blog-de-noticies\/\">\n\t\t\t\t\t\t<span class=\"elementor-button-content-wrapper\">\n\t\t\t\t\t\t\t\t\t<span class=\"elementor-button-text\">Vuelve al blog de noticias<\/span>\n\t\t\t\t\t<\/span>\n\t\t\t\t\t<\/a>\n\t\t\t\t<\/div>\n\t\t\t\t\t\t\t\t<\/div>\n\t\t\t\t<\/div>\n\t\t\t\t\t<\/div>\n\t\t<\/div>\n\t\t\t\t\t<\/div>\n\t\t<\/section>\n\t\t\t\t<section class=\"elementor-section elementor-top-section elementor-element elementor-element-7b859fd7 elementor-section-boxed elementor-section-height-default elementor-section-height-default\" data-id=\"7b859fd7\" data-element_type=\"section\" data-e-type=\"section\">\n\t\t\t\t\t\t<div class=\"elementor-container elementor-column-gap-default\">\n\t\t\t\t\t<div class=\"elementor-column elementor-col-100 elementor-top-column elementor-element elementor-element-5dc87139\" data-id=\"5dc87139\" data-element_type=\"column\" data-e-type=\"column\">\n\t\t\t<div class=\"elementor-widget-wrap elementor-element-populated\">\n\t\t\t\t\t\t<div class=\"elementor-element elementor-element-6075cea0 elementor-widget elementor-widget-heading\" data-id=\"6075cea0\" data-element_type=\"widget\" data-e-type=\"widget\" data-widget_type=\"heading.default\">\n\t\t\t\t<div class=\"elementor-widget-container\">\n\t\t\t\t\t<h2 class=\"elementor-heading-title elementor-size-default\">L'escola torna a presentar-se al projecte Transformem els patis<\/h2>\t\t\t\t<\/div>\n\t\t\t\t<\/div>\n\t\t\t\t<div class=\"elementor-element elementor-element-50daf769 elementor-widget elementor-widget-text-editor\" data-id=\"50daf769\" data-element_type=\"widget\" data-e-type=\"widget\" data-widget_type=\"text-editor.default\">\n\t\t\t\t<div class=\"elementor-widget-container\">\n\t\t\t\t\t\t\t\t\t<p><\/p>\n<p>Esta mes de mayo la escuela volver\u00e1 a presentar la <strong>solicitud para participar en el proyecto \u201cTransformem els patis\" del Ayuntamiento de Barcelona<\/strong>. Durante <strong>el mes de junio se seleccionar\u00e1n las escuelas que participar\u00e1n en el proyecto este a\u00f1o<\/strong>. Esperamos que nuestra escuela sea una se las seleccionades.<\/p>\n<p>\u201cTransformem els patis\u201d es un programa que tiene como objetivo la naturalizaci\u00f3n del espacio de recreo y juego, fomentando din\u00e1micas y relaciones igualitarias y promoviendo el juego activo y el uso comunitario del colegio como equipamiento de barrio.<\/p>\n<p>Los protagonistas de la transformaci\u00f3n ser\u00e1n los miembros de la comunidad educativa: profesorado, alumnos, miembros del AFA, personal del espacio de comedor... El proyecto tiene la misi\u00f3n de acompa\u00f1ar y facilitar recursos para desarrollar un proceso de reflexi\u00f3n sobre el patio con el objetivo de generar una mirada cr\u00edtica que permita plantear un cambio conceptual y pedag\u00f3gico, a la vez que un cambio f\u00edsico de este espacio de convivencia.<\/p>\n<h4 class=\"wp-block-heading\"><strong>\u00bfPor qu\u00e9 queremos participar en este proyecto?<\/strong><\/h4>\n<p>El a\u00f1o 2020 se realizar\u00e1n obres estructurales importantes en los patios del colegio, con el objetivo de hacerlos seguros. Principalmente se cambiaron el vallado perimetral y se repararon elementos estructurales que eran peligrosos.<\/p>\n<p>Con la reforma se anul\u00f3 una de las pistas, picando peque\u00f1os trozos y dejando unas jardineres con \u00e1rboles peque\u00f1os que tardaran a\u00f1os en hacer sombra. El resultado es que tenemos una pista a medio picar, que no es ni pista ni patio naturalizado. Adem\u00e1s, los patios no tienen casi zonas de sombra y solo existen unas peque\u00f1as estructures de juego en la zona de infantil.<\/p>\n<p><strong>Ahora que tenemos patios seguros para los ni\u00f1os, queremos ir un paso m\u00e1s all\u00e1 y conseguir unos patios m\u00e1s naturales, verdes, saludables, jugables, inclusivos y coeducativos.<\/strong><\/p>\n<p>Asimismo, queremos habilitar <strong>m\u00e1s espacios de sombra<\/strong> para hacer frente al calor que nos afecta cada vez m\u00e1s en los meses de verano y <strong>crear espacios de juego m\u00e1s naturales y verdes con estructures sostenibles para todas las edades<\/strong>.<\/p>\n<p>Adem\u00e1s, nuestra escuela participa desde haca a\u00f1os en el programa \"Patis oberts\". Los patios abren s\u00e1bados y domingos como <span style=\"color: var( --e-global-color-text ); font-family: var( --e-global-typography-text-font-family ), Sans-serif; font-weight: var( --e-global-typography-text-font-weight ); font-size: 1rem;\">espacio de uso p\u00fablico para las familias, los infantes y adolescentes fuera del horario escolar. Por este motivo, unos patios m\u00e1s naturalizados y jugables mejorar\u00e1n la calidad del juego de todo el barrio<\/span><\/p>\n<p><\/p>\n<p><\/p>\t\t\t\t\t\t\t\t<\/div>\n\t\t\t\t<\/div>\n\t\t\t\t<div class=\"elementor-element elementor-element-1bfa1c1 elementor-widget elementor-widget-video\" data-id=\"1bfa1c1\" data-element_type=\"widget\" data-e-type=\"widget\" data-settings=\"{&quot;youtube_url&quot;:&quot;https:\\\/\\\/youtu.be\\\/XebozNFyucE&quot;,&quot;video_type&quot;:&quot;youtube&quot;,&quot;controls&quot;:&quot;yes&quot;}\" data-widget_type=\"video.default\">\n\t\t\t\t<div class=\"elementor-widget-container\">\n\t\t\t\t\t\t\t<div class=\"elementor-wrapper elementor-open-inline\">\n\t\t\t<div class=\"elementor-video\"><\/div>\t\t<\/div>\n\t\t\t\t\t\t<\/div>\n\t\t\t\t<\/div>\n\t\t\t\t<div class=\"elementor-element elementor-element-9700ee6 elementor-widget elementor-widget-text-editor\" data-id=\"9700ee6\" data-element_type=\"widget\" data-e-type=\"widget\" data-widget_type=\"text-editor.default\">\n\t\t\t\t<div class=\"elementor-widget-container\">\n\t\t\t\t\t\t\t\t\t<h4 style=\"line-height: normal;\"><span lang=\"CA\" style=\"mso-ascii-font-family: Calibri; mso-fareast-font-family: 'Times New Roman'; mso-hansi-font-family: Calibri; mso-bidi-font-family: Calibri; color: black; mso-font-kerning: 0pt; mso-ligatures: none; mso-ansi-language: CA; mso-fareast-language: ES;\">\u00bfQu\u00e9 mejoras proponemos?<\/span><\/h4><p><strong><span lang=\"CA\">Naturalizar la pista no deportiva y dotarla de elementos de sombra para reducir el calor, as\u00ed como estructures de juego hechas con materiales sostenibles.<\/span><\/strong><\/p><ul><li><p><span lang=\"CA\">Aumentar la superficie de tierra, picando buena parte de la pista.<\/span><\/p><\/li><li><p><span lang=\"CA\">Plantar \u00e1rboles que den sombra suficiente.<\/span><\/p><\/li><li><p><span lang=\"CA\">Poner un toldo fijo en la parte de tarimas donde est\u00e1 el \u00e1gora.<\/span><\/p><\/li><li><p><span lang=\"CA\">Poner estructures de juego en la zona de tierra y pintar el pavimento del \u00e1gora.<\/span><\/p><\/li><\/ul><div><p><span style=\"font-weight: bolder;\">Patio de cicl\u00f3 inicial<\/span><\/p><ul style=\"font-size: 16px; background-color: #ffffff;\"><li style=\"font-size: 16px;\">Mejorar el drenaje. Actualmente cuando llueve se hace un gran charco en todo el patio.<\/li><li style=\"font-size: 16px;\">Poner una estructura de juego.<\/li><\/ul><div>\u00a0<\/div><p style=\"margin: 0cm; text-indent: 0cm; line-height: normal; mso-list: l0 level1 lfo1; vertical-align: baseline;\"><span lang=\"CA\" style=\"mso-ascii-font-family: Calibri; mso-fareast-font-family: 'Times New Roman'; mso-hansi-font-family: Calibri; mso-bidi-font-family: Calibri; color: black; mso-font-kerning: 0pt; mso-ligatures: none; mso-ansi-language: CA; mso-fareast-language: ES;\"><b>Pati de infantil<\/b><\/span><\/p><p>\u00a0<\/p><ul><li><p><span lang=\"CA\">Poner un toldo fijo<\/span><\/p><\/li><li><p><span lang=\"CA\">Poner estructures de juego. La estructura que hab\u00eda se quit\u00f3 hace casi dos a\u00f1os y a\u00fan no se ha repuesto.<\/span><\/p><\/li><\/ul><\/div>\t\t\t\t\t\t\t\t<\/div>\n\t\t\t\t<\/div>\n\t\t\t\t<div class=\"elementor-element elementor-element-09be9ef elementor-widget elementor-widget-image-gallery\" data-id=\"09be9ef\" data-element_type=\"widget\" data-e-type=\"widget\" data-widget_type=\"image-gallery.default\">\n\t\t\t\t<div class=\"elementor-widget-container\">\n\t\t\t\t\t\t\t<div class=\"elementor-image-gallery\">\n\t\t\t<div id='gallery-1' class='gallery galleryid-14933 gallery-columns-2 gallery-size-full'><figure class='gallery-item'>\n\t\t\t<div class='gallery-icon landscape'>\n\t\t\t\t<a data-elementor-open-lightbox=\"yes\" data-elementor-lightbox-slideshow=\"09be9ef\" data-elementor-lightbox-title=\"03_pati antes\" data-e-action-hash=\"#elementor-action%3Aaction%3Dlightbox%26settings%3DeyJpZCI6OTQ4NCwidXJsIjoiaHR0cHM6XC9cL3d3dy5hZmFwYXVjYXNhbHNob3J0YS5jYXRcL3dwLWNvbnRlbnRcL3VwbG9hZHNcLzIwMjNcLzA1XC8wM19wYXRpLWFudGVzLmpwZyIsInNsaWRlc2hvdyI6IjA5YmU5ZWYifQ%3D%3D\" href='https:\/\/www.afapaucasalshorta.cat\/wp-content\/uploads\/2023\/05\/03_pati-antes.jpg'><img fetchpriority=\"high\" decoding=\"async\" width=\"1599\" height=\"899\" src=\"https:\/\/www.afapaucasalshorta.cat\/wp-content\/uploads\/2023\/05\/03_pati-antes.jpg\" class=\"attachment-full size-full\" alt=\"\" aria-describedby=\"gallery-1-9484\" srcset=\"https:\/\/www.afapaucasalshorta.cat\/wp-content\/uploads\/2023\/05\/03_pati-antes.jpg 1599w, https:\/\/www.afapaucasalshorta.cat\/wp-content\/uploads\/2023\/05\/03_pati-antes-300x169.jpg 300w, https:\/\/www.afapaucasalshorta.cat\/wp-content\/uploads\/2023\/05\/03_pati-antes-1024x576.jpg 1024w, https:\/\/www.afapaucasalshorta.cat\/wp-content\/uploads\/2023\/05\/03_pati-antes-768x432.jpg 768w, https:\/\/www.afapaucasalshorta.cat\/wp-content\/uploads\/2023\/05\/03_pati-antes-1536x864.jpg 1536w, https:\/\/www.afapaucasalshorta.cat\/wp-content\/uploads\/2023\/05\/03_pati-antes-18x10.jpg 18w\" sizes=\"(max-width: 1599px) 100vw, 1599px\" \/><\/a>\n\t\t\t<\/div>\n\t\t\t\t<figcaption class='wp-caption-text gallery-caption' id='gallery-1-9484'>\n\t\t\t\tPista actualmente\n\t\t\t\t<\/figcaption><\/figure><figure class='gallery-item'>\n\t\t\t<div class='gallery-icon landscape'>\n\t\t\t\t<a data-elementor-open-lightbox=\"yes\" data-elementor-lightbox-slideshow=\"09be9ef\" data-elementor-lightbox-title=\"03_pati\" data-e-action-hash=\"#elementor-action%3Aaction%3Dlightbox%26settings%3DeyJpZCI6OTQ4NSwidXJsIjoiaHR0cHM6XC9cL3d3dy5hZmFwYXVjYXNhbHNob3J0YS5jYXRcL3dwLWNvbnRlbnRcL3VwbG9hZHNcLzIwMjNcLzA1XC8wM19wYXRpLmpwZyIsInNsaWRlc2hvdyI6IjA5YmU5ZWYifQ%3D%3D\" href='https:\/\/www.afapaucasalshorta.cat\/wp-content\/uploads\/2023\/05\/03_pati.jpg'><img decoding=\"async\" width=\"1599\" height=\"899\" src=\"https:\/\/www.afapaucasalshorta.cat\/wp-content\/uploads\/2023\/05\/03_pati.jpg\" class=\"attachment-full size-full\" alt=\"\" aria-describedby=\"gallery-1-9485\" srcset=\"https:\/\/www.afapaucasalshorta.cat\/wp-content\/uploads\/2023\/05\/03_pati.jpg 1599w, https:\/\/www.afapaucasalshorta.cat\/wp-content\/uploads\/2023\/05\/03_pati-300x169.jpg 300w, https:\/\/www.afapaucasalshorta.cat\/wp-content\/uploads\/2023\/05\/03_pati-1024x576.jpg 1024w, https:\/\/www.afapaucasalshorta.cat\/wp-content\/uploads\/2023\/05\/03_pati-768x432.jpg 768w, https:\/\/www.afapaucasalshorta.cat\/wp-content\/uploads\/2023\/05\/03_pati-1536x864.jpg 1536w, https:\/\/www.afapaucasalshorta.cat\/wp-content\/uploads\/2023\/05\/03_pati-18x10.jpg 18w\" sizes=\"(max-width: 1599px) 100vw, 1599px\" \/><\/a>\n\t\t\t<\/div>\n\t\t\t\t<figcaption class='wp-caption-text gallery-caption' id='gallery-1-9485'>\n\t\t\t\tPropuesta\n\t\t\t\t<\/figcaption><\/figure><figure class='gallery-item'>\n\t\t\t<div class='gallery-icon landscape'>\n\t\t\t\t<a data-elementor-open-lightbox=\"yes\" data-elementor-lightbox-slideshow=\"09be9ef\" data-elementor-lightbox-title=\"01_pati antes\" data-e-action-hash=\"#elementor-action%3Aaction%3Dlightbox%26settings%3DeyJpZCI6OTQ4MCwidXJsIjoiaHR0cHM6XC9cL3d3dy5hZmFwYXVjYXNhbHNob3J0YS5jYXRcL3dwLWNvbnRlbnRcL3VwbG9hZHNcLzIwMjNcLzA1XC8wMV9wYXRpLWFudGVzLmpwZyIsInNsaWRlc2hvdyI6IjA5YmU5ZWYifQ%3D%3D\" href='https:\/\/www.afapaucasalshorta.cat\/wp-content\/uploads\/2023\/05\/01_pati-antes.jpg'><img decoding=\"async\" width=\"1599\" height=\"899\" src=\"https:\/\/www.afapaucasalshorta.cat\/wp-content\/uploads\/2023\/05\/01_pati-antes.jpg\" class=\"attachment-full size-full\" alt=\"\" aria-describedby=\"gallery-1-9480\" srcset=\"https:\/\/www.afapaucasalshorta.cat\/wp-content\/uploads\/2023\/05\/01_pati-antes.jpg 1599w, https:\/\/www.afapaucasalshorta.cat\/wp-content\/uploads\/2023\/05\/01_pati-antes-300x169.jpg 300w, https:\/\/www.afapaucasalshorta.cat\/wp-content\/uploads\/2023\/05\/01_pati-antes-1024x576.jpg 1024w, https:\/\/www.afapaucasalshorta.cat\/wp-content\/uploads\/2023\/05\/01_pati-antes-768x432.jpg 768w, https:\/\/www.afapaucasalshorta.cat\/wp-content\/uploads\/2023\/05\/01_pati-antes-1536x864.jpg 1536w, https:\/\/www.afapaucasalshorta.cat\/wp-content\/uploads\/2023\/05\/01_pati-antes-18x10.jpg 18w\" sizes=\"(max-width: 1599px) 100vw, 1599px\" \/><\/a>\n\t\t\t<\/div>\n\t\t\t\t<figcaption class='wp-caption-text gallery-caption' id='gallery-1-9480'>\n\t\t\t\tPista actualmente\n\t\t\t\t<\/figcaption><\/figure><figure class='gallery-item'>\n\t\t\t<div class='gallery-icon landscape'>\n\t\t\t\t<a data-elementor-open-lightbox=\"yes\" data-elementor-lightbox-slideshow=\"09be9ef\" data-elementor-lightbox-title=\"01_pati\" data-e-action-hash=\"#elementor-action%3Aaction%3Dlightbox%26settings%3DeyJpZCI6OTQ4MSwidXJsIjoiaHR0cHM6XC9cL3d3dy5hZmFwYXVjYXNhbHNob3J0YS5jYXRcL3dwLWNvbnRlbnRcL3VwbG9hZHNcLzIwMjNcLzA1XC8wMV9wYXRpLmpwZyIsInNsaWRlc2hvdyI6IjA5YmU5ZWYifQ%3D%3D\" href='https:\/\/www.afapaucasalshorta.cat\/wp-content\/uploads\/2023\/05\/01_pati.jpg'><img loading=\"lazy\" decoding=\"async\" width=\"1599\" height=\"899\" src=\"https:\/\/www.afapaucasalshorta.cat\/wp-content\/uploads\/2023\/05\/01_pati.jpg\" class=\"attachment-full size-full\" alt=\"\" aria-describedby=\"gallery-1-9481\" srcset=\"https:\/\/www.afapaucasalshorta.cat\/wp-content\/uploads\/2023\/05\/01_pati.jpg 1599w, https:\/\/www.afapaucasalshorta.cat\/wp-content\/uploads\/2023\/05\/01_pati-300x169.jpg 300w, https:\/\/www.afapaucasalshorta.cat\/wp-content\/uploads\/2023\/05\/01_pati-1024x576.jpg 1024w, https:\/\/www.afapaucasalshorta.cat\/wp-content\/uploads\/2023\/05\/01_pati-768x432.jpg 768w, https:\/\/www.afapaucasalshorta.cat\/wp-content\/uploads\/2023\/05\/01_pati-1536x864.jpg 1536w, https:\/\/www.afapaucasalshorta.cat\/wp-content\/uploads\/2023\/05\/01_pati-18x10.jpg 18w\" sizes=\"(max-width: 1599px) 100vw, 1599px\" \/><\/a>\n\t\t\t<\/div>\n\t\t\t\t<figcaption class='wp-caption-text gallery-caption' id='gallery-1-9481'>\n\t\t\t\tPropuesta\n\t\t\t\t<\/figcaption><\/figure><figure class='gallery-item'>\n\t\t\t<div class='gallery-icon landscape'>\n\t\t\t\t<a data-elementor-open-lightbox=\"yes\" data-elementor-lightbox-slideshow=\"09be9ef\" data-elementor-lightbox-title=\"02_pati_2 antes\" data-e-action-hash=\"#elementor-action%3Aaction%3Dlightbox%26settings%3DeyJpZCI6OTQ4MiwidXJsIjoiaHR0cHM6XC9cL3d3dy5hZmFwYXVjYXNhbHNob3J0YS5jYXRcL3dwLWNvbnRlbnRcL3VwbG9hZHNcLzIwMjNcLzA1XC8wMl9wYXRpXzItYW50ZXMuanBnIiwic2xpZGVzaG93IjoiMDliZTllZiJ9\" href='https:\/\/www.afapaucasalshorta.cat\/wp-content\/uploads\/2023\/05\/02_pati_2-antes.jpg'><img loading=\"lazy\" decoding=\"async\" width=\"1599\" height=\"899\" src=\"https:\/\/www.afapaucasalshorta.cat\/wp-content\/uploads\/2023\/05\/02_pati_2-antes.jpg\" class=\"attachment-full size-full\" alt=\"\" aria-describedby=\"gallery-1-9482\" srcset=\"https:\/\/www.afapaucasalshorta.cat\/wp-content\/uploads\/2023\/05\/02_pati_2-antes.jpg 1599w, https:\/\/www.afapaucasalshorta.cat\/wp-content\/uploads\/2023\/05\/02_pati_2-antes-300x169.jpg 300w, https:\/\/www.afapaucasalshorta.cat\/wp-content\/uploads\/2023\/05\/02_pati_2-antes-1024x576.jpg 1024w, https:\/\/www.afapaucasalshorta.cat\/wp-content\/uploads\/2023\/05\/02_pati_2-antes-768x432.jpg 768w, https:\/\/www.afapaucasalshorta.cat\/wp-content\/uploads\/2023\/05\/02_pati_2-antes-1536x864.jpg 1536w, https:\/\/www.afapaucasalshorta.cat\/wp-content\/uploads\/2023\/05\/02_pati_2-antes-18x10.jpg 18w\" sizes=\"(max-width: 1599px) 100vw, 1599px\" \/><\/a>\n\t\t\t<\/div>\n\t\t\t\t<figcaption class='wp-caption-text gallery-caption' id='gallery-1-9482'>\n\t\t\t\tPista actualmente\n\t\t\t\t<\/figcaption><\/figure><figure class='gallery-item'>\n\t\t\t<div class='gallery-icon landscape'>\n\t\t\t\t<a data-elementor-open-lightbox=\"yes\" data-elementor-lightbox-slideshow=\"09be9ef\" data-elementor-lightbox-title=\"02_pati_2\" data-e-action-hash=\"#elementor-action%3Aaction%3Dlightbox%26settings%3DeyJpZCI6OTQ4MywidXJsIjoiaHR0cHM6XC9cL3d3dy5hZmFwYXVjYXNhbHNob3J0YS5jYXRcL3dwLWNvbnRlbnRcL3VwbG9hZHNcLzIwMjNcLzA1XC8wMl9wYXRpXzIuanBnIiwic2xpZGVzaG93IjoiMDliZTllZiJ9\" href='https:\/\/www.afapaucasalshorta.cat\/wp-content\/uploads\/2023\/05\/02_pati_2.jpg'><img loading=\"lazy\" decoding=\"async\" width=\"1599\" height=\"899\" src=\"https:\/\/www.afapaucasalshorta.cat\/wp-content\/uploads\/2023\/05\/02_pati_2.jpg\" class=\"attachment-full size-full\" alt=\"\" aria-describedby=\"gallery-1-9483\" srcset=\"https:\/\/www.afapaucasalshorta.cat\/wp-content\/uploads\/2023\/05\/02_pati_2.jpg 1599w, https:\/\/www.afapaucasalshorta.cat\/wp-content\/uploads\/2023\/05\/02_pati_2-300x169.jpg 300w, https:\/\/www.afapaucasalshorta.cat\/wp-content\/uploads\/2023\/05\/02_pati_2-1024x576.jpg 1024w, https:\/\/www.afapaucasalshorta.cat\/wp-content\/uploads\/2023\/05\/02_pati_2-768x432.jpg 768w, https:\/\/www.afapaucasalshorta.cat\/wp-content\/uploads\/2023\/05\/02_pati_2-1536x864.jpg 1536w, https:\/\/www.afapaucasalshorta.cat\/wp-content\/uploads\/2023\/05\/02_pati_2-18x10.jpg 18w\" sizes=\"(max-width: 1599px) 100vw, 1599px\" \/><\/a>\n\t\t\t<\/div>\n\t\t\t\t<figcaption class='wp-caption-text gallery-caption' id='gallery-1-9483'>\n\t\t\t\tPropuesta\n\t\t\t\t<\/figcaption><\/figure><figure class='gallery-item'>\n\t\t\t<div class='gallery-icon landscape'>\n\t\t\t\t<a data-elementor-open-lightbox=\"yes\" data-elementor-lightbox-slideshow=\"09be9ef\" data-elementor-lightbox-title=\"04_pati primaria antes\" data-e-action-hash=\"#elementor-action%3Aaction%3Dlightbox%26settings%3DeyJpZCI6OTQ4NiwidXJsIjoiaHR0cHM6XC9cL3d3dy5hZmFwYXVjYXNhbHNob3J0YS5jYXRcL3dwLWNvbnRlbnRcL3VwbG9hZHNcLzIwMjNcLzA1XC8wNF9wYXRpLXByaW1hcmlhLWFudGVzLmpwZyIsInNsaWRlc2hvdyI6IjA5YmU5ZWYifQ%3D%3D\" href='https:\/\/www.afapaucasalshorta.cat\/wp-content\/uploads\/2023\/05\/04_pati-primaria-antes.jpg'><img loading=\"lazy\" decoding=\"async\" width=\"1599\" height=\"899\" src=\"https:\/\/www.afapaucasalshorta.cat\/wp-content\/uploads\/2023\/05\/04_pati-primaria-antes.jpg\" class=\"attachment-full size-full\" alt=\"\" aria-describedby=\"gallery-1-9486\" srcset=\"https:\/\/www.afapaucasalshorta.cat\/wp-content\/uploads\/2023\/05\/04_pati-primaria-antes.jpg 1599w, https:\/\/www.afapaucasalshorta.cat\/wp-content\/uploads\/2023\/05\/04_pati-primaria-antes-300x169.jpg 300w, https:\/\/www.afapaucasalshorta.cat\/wp-content\/uploads\/2023\/05\/04_pati-primaria-antes-1024x576.jpg 1024w, https:\/\/www.afapaucasalshorta.cat\/wp-content\/uploads\/2023\/05\/04_pati-primaria-antes-768x432.jpg 768w, https:\/\/www.afapaucasalshorta.cat\/wp-content\/uploads\/2023\/05\/04_pati-primaria-antes-1536x864.jpg 1536w, https:\/\/www.afapaucasalshorta.cat\/wp-content\/uploads\/2023\/05\/04_pati-primaria-antes-18x10.jpg 18w\" sizes=\"(max-width: 1599px) 100vw, 1599px\" \/><\/a>\n\t\t\t<\/div>\n\t\t\t\t<figcaption class='wp-caption-text gallery-caption' id='gallery-1-9486'>\n\t\t\t\tPatio de ciclo inicial actual\n\t\t\t\t<\/figcaption><\/figure><figure class='gallery-item'>\n\t\t\t<div class='gallery-icon landscape'>\n\t\t\t\t<a data-elementor-open-lightbox=\"yes\" data-elementor-lightbox-slideshow=\"09be9ef\" data-elementor-lightbox-title=\"04_pati primaria\" data-e-action-hash=\"#elementor-action%3Aaction%3Dlightbox%26settings%3DeyJpZCI6OTQ4NywidXJsIjoiaHR0cHM6XC9cL3d3dy5hZmFwYXVjYXNhbHNob3J0YS5jYXRcL3dwLWNvbnRlbnRcL3VwbG9hZHNcLzIwMjNcLzA1XC8wNF9wYXRpLXByaW1hcmlhLmpwZyIsInNsaWRlc2hvdyI6IjA5YmU5ZWYifQ%3D%3D\" href='https:\/\/www.afapaucasalshorta.cat\/wp-content\/uploads\/2023\/05\/04_pati-primaria.jpg'><img loading=\"lazy\" decoding=\"async\" width=\"1599\" height=\"899\" src=\"https:\/\/www.afapaucasalshorta.cat\/wp-content\/uploads\/2023\/05\/04_pati-primaria.jpg\" class=\"attachment-full size-full\" alt=\"\" aria-describedby=\"gallery-1-9487\" srcset=\"https:\/\/www.afapaucasalshorta.cat\/wp-content\/uploads\/2023\/05\/04_pati-primaria.jpg 1599w, https:\/\/www.afapaucasalshorta.cat\/wp-content\/uploads\/2023\/05\/04_pati-primaria-300x169.jpg 300w, https:\/\/www.afapaucasalshorta.cat\/wp-content\/uploads\/2023\/05\/04_pati-primaria-1024x576.jpg 1024w, https:\/\/www.afapaucasalshorta.cat\/wp-content\/uploads\/2023\/05\/04_pati-primaria-768x432.jpg 768w, https:\/\/www.afapaucasalshorta.cat\/wp-content\/uploads\/2023\/05\/04_pati-primaria-1536x864.jpg 1536w, https:\/\/www.afapaucasalshorta.cat\/wp-content\/uploads\/2023\/05\/04_pati-primaria-18x10.jpg 18w\" sizes=\"(max-width: 1599px) 100vw, 1599px\" \/><\/a>\n\t\t\t<\/div>\n\t\t\t\t<figcaption class='wp-caption-text gallery-caption' id='gallery-1-9487'>\n\t\t\t\tPropuesta\n\t\t\t\t<\/figcaption><\/figure><figure class='gallery-item'>\n\t\t\t<div class='gallery-icon landscape'>\n\t\t\t\t<a data-elementor-open-lightbox=\"yes\" data-elementor-lightbox-slideshow=\"09be9ef\" data-elementor-lightbox-title=\"05_pati infantil antes\" data-e-action-hash=\"#elementor-action%3Aaction%3Dlightbox%26settings%3DeyJpZCI6OTQ4OCwidXJsIjoiaHR0cHM6XC9cL3d3dy5hZmFwYXVjYXNhbHNob3J0YS5jYXRcL3dwLWNvbnRlbnRcL3VwbG9hZHNcLzIwMjNcLzA1XC8wNV9wYXRpLWluZmFudGlsLWFudGVzLmpwZyIsInNsaWRlc2hvdyI6IjA5YmU5ZWYifQ%3D%3D\" href='https:\/\/www.afapaucasalshorta.cat\/wp-content\/uploads\/2023\/05\/05_pati-infantil-antes.jpg'><img loading=\"lazy\" decoding=\"async\" width=\"1599\" height=\"899\" src=\"https:\/\/www.afapaucasalshorta.cat\/wp-content\/uploads\/2023\/05\/05_pati-infantil-antes.jpg\" class=\"attachment-full size-full\" alt=\"\" aria-describedby=\"gallery-1-9488\" srcset=\"https:\/\/www.afapaucasalshorta.cat\/wp-content\/uploads\/2023\/05\/05_pati-infantil-antes.jpg 1599w, https:\/\/www.afapaucasalshorta.cat\/wp-content\/uploads\/2023\/05\/05_pati-infantil-antes-300x169.jpg 300w, https:\/\/www.afapaucasalshorta.cat\/wp-content\/uploads\/2023\/05\/05_pati-infantil-antes-1024x576.jpg 1024w, https:\/\/www.afapaucasalshorta.cat\/wp-content\/uploads\/2023\/05\/05_pati-infantil-antes-768x432.jpg 768w, https:\/\/www.afapaucasalshorta.cat\/wp-content\/uploads\/2023\/05\/05_pati-infantil-antes-1536x864.jpg 1536w, https:\/\/www.afapaucasalshorta.cat\/wp-content\/uploads\/2023\/05\/05_pati-infantil-antes-18x10.jpg 18w\" sizes=\"(max-width: 1599px) 100vw, 1599px\" \/><\/a>\n\t\t\t<\/div>\n\t\t\t\t<figcaption class='wp-caption-text gallery-caption' id='gallery-1-9488'>\n\t\t\t\tPatio de infantil actual\n\t\t\t\t<\/figcaption><\/figure><figure class='gallery-item'>\n\t\t\t<div class='gallery-icon landscape'>\n\t\t\t\t<a data-elementor-open-lightbox=\"yes\" data-elementor-lightbox-slideshow=\"09be9ef\" data-elementor-lightbox-title=\"05_pati infantil\" data-e-action-hash=\"#elementor-action%3Aaction%3Dlightbox%26settings%3DeyJpZCI6OTQ4OSwidXJsIjoiaHR0cHM6XC9cL3d3dy5hZmFwYXVjYXNhbHNob3J0YS5jYXRcL3dwLWNvbnRlbnRcL3VwbG9hZHNcLzIwMjNcLzA1XC8wNV9wYXRpLWluZmFudGlsLmpwZyIsInNsaWRlc2hvdyI6IjA5YmU5ZWYifQ%3D%3D\" href='https:\/\/www.afapaucasalshorta.cat\/wp-content\/uploads\/2023\/05\/05_pati-infantil.jpg'><img loading=\"lazy\" decoding=\"async\" width=\"1599\" height=\"899\" src=\"https:\/\/www.afapaucasalshorta.cat\/wp-content\/uploads\/2023\/05\/05_pati-infantil.jpg\" class=\"attachment-full size-full\" alt=\"\" aria-describedby=\"gallery-1-9489\" srcset=\"https:\/\/www.afapaucasalshorta.cat\/wp-content\/uploads\/2023\/05\/05_pati-infantil.jpg 1599w, https:\/\/www.afapaucasalshorta.cat\/wp-content\/uploads\/2023\/05\/05_pati-infantil-300x169.jpg 300w, https:\/\/www.afapaucasalshorta.cat\/wp-content\/uploads\/2023\/05\/05_pati-infantil-1024x576.jpg 1024w, https:\/\/www.afapaucasalshorta.cat\/wp-content\/uploads\/2023\/05\/05_pati-infantil-768x432.jpg 768w, https:\/\/www.afapaucasalshorta.cat\/wp-content\/uploads\/2023\/05\/05_pati-infantil-1536x864.jpg 1536w, https:\/\/www.afapaucasalshorta.cat\/wp-content\/uploads\/2023\/05\/05_pati-infantil-18x10.jpg 18w\" sizes=\"(max-width: 1599px) 100vw, 1599px\" \/><\/a>\n\t\t\t<\/div>\n\t\t\t\t<figcaption class='wp-caption-text gallery-caption' id='gallery-1-9489'>\n\t\t\t\tPropuesta\n\t\t\t\t<\/figcaption><\/figure>\n\t\t<\/div>\n\t\t<\/div>\n\t\t\t\t\t\t<\/div>\n\t\t\t\t<\/div>\n\t\t\t\t\t<\/div>\n\t\t<\/div>\n\t\t\t\t\t<\/div>\n\t\t<\/section>\n\t\t\t\t<\/div>","protected":false},"excerpt":{"rendered":"<p>Torneu al blog de not\u00edcies L&#8217;escola torna a presentar-se al projecte Transformem els patis Aquest m\u00e9s de maig l\u2019escola tornar\u00e0 a presentar la sol\u00b7licitud per participar en el projecte &#8220;Transformem els patis&#8221; de l&#8217;ajuntament de Barcelona. Durant el mes de juny se seleccionaran les escoles que participaran enguany en aquest projecte. Esperem que la nostra [&hellip;]<\/p>\n","protected":false},"author":3,"featured_media":9485,"comment_status":"closed","ping_status":"open","sticky":false,"template":"","format":"standard","meta":{"_eb_attr":"","_monsterinsights_skip_tracking":false,"_monsterinsights_sitenote_active":false,"_monsterinsights_sitenote_note":"","_monsterinsights_sitenote_category":0,"footnotes":""},"categories":[1],"tags":[],"class_list":["post-14933","post","type-post","status-publish","format-standard","has-post-thumbnail","hentry","category-sense-categoria"],"_links":{"self":[{"href":"https:\/\/www.afapaucasalshorta.cat\/es\/wp-json\/wp\/v2\/posts\/14933","targetHints":{"allow":["GET"]}}],"collection":[{"href":"https:\/\/www.afapaucasalshorta.cat\/es\/wp-json\/wp\/v2\/posts"}],"about":[{"href":"https:\/\/www.afapaucasalshorta.cat\/es\/wp-json\/wp\/v2\/types\/post"}],"author":[{"embeddable":true,"href":"https:\/\/www.afapaucasalshorta.cat\/es\/wp-json\/wp\/v2\/users\/3"}],"replies":[{"embeddable":true,"href":"https:\/\/www.afapaucasalshorta.cat\/es\/wp-json\/wp\/v2\/comments?post=14933"}],"version-history":[{"count":13,"href":"https:\/\/www.afapaucasalshorta.cat\/es\/wp-json\/wp\/v2\/posts\/14933\/revisions"}],"predecessor-version":[{"id":14947,"href":"https:\/\/www.afapaucasalshorta.cat\/es\/wp-json\/wp\/v2\/posts\/14933\/revisions\/14947"}],"wp:featuredmedia":[{"embeddable":true,"href":"https:\/\/www.afapaucasalshorta.cat\/es\/wp-json\/wp\/v2\/media\/9485"}],"wp:attachment":[{"href":"https:\/\/www.afapaucasalshorta.cat\/es\/wp-json\/wp\/v2\/media?parent=14933"}],"wp:term":[{"taxonomy":"category","embeddable":true,"href":"https:\/\/www.afapaucasalshorta.cat\/es\/wp-json\/wp\/v2\/categories?post=14933"},{"taxonomy":"post_tag","embeddable":true,"href":"https:\/\/www.afapaucasalshorta.cat\/es\/wp-json\/wp\/v2\/tags?post=14933"}],"curies":[{"name":"wp","href":"https:\/\/api.w.org\/{rel}","templated":true}]}}