{"id":15204,"date":"2026-03-11T13:27:35","date_gmt":"2026-03-11T12:27:35","guid":{"rendered":"https:\/\/www.afapaucasalshorta.cat\/?p=15204"},"modified":"2026-03-11T13:39:59","modified_gmt":"2026-03-11T12:39:59","slug":"lafa-la-fem-entre-totes-les-families-thi-sumes","status":"publish","type":"post","link":"https:\/\/www.afapaucasalshorta.cat\/es\/2026\/03\/11\/lafa-la-fem-entre-totes-les-families-thi-sumes\/","title":{"rendered":"L\u2019AFA la fem entre totes les fam\u00edlies\u2026 t\u2019hi sumes?"},"content":{"rendered":"<div data-elementor-type=\"wp-post\" data-elementor-id=\"15204\" class=\"elementor elementor-15204\">\n\t\t\t\t\t\t<section class=\"elementor-section elementor-top-section elementor-element elementor-element-3210fa8c elementor-section-content-middle elementor-section-boxed elementor-section-height-default elementor-section-height-default\" data-id=\"3210fa8c\" data-element_type=\"section\" data-e-type=\"section\" data-settings=\"{&quot;background_background&quot;:&quot;classic&quot;}\">\n\t\t\t\t\t\t<div class=\"elementor-container elementor-column-gap-no\">\n\t\t\t\t\t<div class=\"elementor-column elementor-col-100 elementor-top-column elementor-element elementor-element-1f7f8a3e\" data-id=\"1f7f8a3e\" data-element_type=\"column\" data-e-type=\"column\">\n\t\t\t<div class=\"elementor-widget-wrap elementor-element-populated\">\n\t\t\t\t\t\t<div class=\"elementor-element elementor-element-5d2745c4 elementor-align-center elementor-widget elementor-widget-button\" data-id=\"5d2745c4\" data-element_type=\"widget\" data-e-type=\"widget\" data-widget_type=\"button.default\">\n\t\t\t\t<div class=\"elementor-widget-container\">\n\t\t\t\t\t\t\t\t\t<div class=\"elementor-button-wrapper\">\n\t\t\t\t\t<a class=\"elementor-button elementor-button-link elementor-size-sm elementor-animation-grow\" href=\"https:\/\/www.afapaucasalshorta.cat\/es\/blog-de-noticies\/\">\n\t\t\t\t\t\t<span class=\"elementor-button-content-wrapper\">\n\t\t\t\t\t\t\t\t\t<span class=\"elementor-button-text\">Vuelve al blog de noticias<\/span>\n\t\t\t\t\t<\/span>\n\t\t\t\t\t<\/a>\n\t\t\t\t<\/div>\n\t\t\t\t\t\t\t\t<\/div>\n\t\t\t\t<\/div>\n\t\t\t\t\t<\/div>\n\t\t<\/div>\n\t\t\t\t\t<\/div>\n\t\t<\/section>\n\t\t\t\t<section class=\"elementor-section elementor-top-section elementor-element elementor-element-73b601e4 elementor-section-boxed elementor-section-height-default elementor-section-height-default\" data-id=\"73b601e4\" data-element_type=\"section\" data-e-type=\"section\">\n\t\t\t\t\t\t<div class=\"elementor-container elementor-column-gap-default\">\n\t\t\t\t\t<div class=\"elementor-column elementor-col-100 elementor-top-column elementor-element elementor-element-73a63e81\" data-id=\"73a63e81\" data-element_type=\"column\" data-e-type=\"column\">\n\t\t\t<div class=\"elementor-widget-wrap elementor-element-populated\">\n\t\t\t\t\t\t<div class=\"elementor-element elementor-element-318aab8b elementor-widget elementor-widget-heading\" data-id=\"318aab8b\" data-element_type=\"widget\" data-e-type=\"widget\" data-widget_type=\"heading.default\">\n\t\t\t\t<div class=\"elementor-widget-container\">\n\t\t\t\t\t<h2 class=\"elementor-heading-title elementor-size-default\">L\u2019AFA la fem entre totes les fam\u00edlies\u2026 t\u2019hi sumes?<\/h2>\t\t\t\t<\/div>\n\t\t\t\t<\/div>\n\t\t\t\t<div class=\"elementor-element elementor-element-609d1a8d elementor-widget elementor-widget-text-editor\" data-id=\"609d1a8d\" data-element_type=\"widget\" data-e-type=\"widget\" data-widget_type=\"text-editor.default\">\n\t\t\t\t<div class=\"elementor-widget-container\">\n\t\t\t\t\t\t\t\t\t<p>L\u2019Associaci\u00f3 de Fam\u00edlies d\u2019Alumnes (AFA) \u00e9s molt m\u00e9s que una entitat: \u00e9s l\u2019espai on les fam\u00edlies podem participar activament en la vida de l\u2019escola, proposar activitats, organitzar festes i impulsar projectes que milloren el dia a dia dels nostres fills i filles.<\/p><p>A la darrera reuni\u00f3 de la junta hem fet balan\u00e7 de la situaci\u00f3 actual de l\u2019AFA i hem posat sobre la taula alguns reptes importants per als pr\u00f2xims mesos.<\/p><h2>Una nova etapa per a l\u2019AFA<\/h2><p>La junta inicia una nova etapa amb la incorporaci\u00f3 de Cristina Masnou com a presidenta i Marta Candela com a secret\u00e0ria. Tamb\u00e9 s\u2019ha comen\u00e7at a treballar amb l\u2019AFFAC per actualitzar la documentaci\u00f3 i els c\u00e0rrecs de l\u2019associaci\u00f3.<\/p><p>Aquest relleu \u00e9s una bona oportunitat per refor\u00e7ar el projecte de l\u2019AFA i sumar noves fam\u00edlies amb ganes d\u2019implicar-se.<\/p><h3><strong>Necessitem m\u00e9s fam\u00edlies s\u00f2cies<\/strong><\/h3><p>Actualment l\u2019AFA compta amb <strong>63 fam\u00edlies s\u00f2cies<\/strong> (85 alumnes), per\u00f2 aquest curs hi ha <strong>19 fam\u00edlies menys associades que l\u2019any anterior<\/strong>, una tend\u00e8ncia que preocupa perqu\u00e8 redueix la capacitat de l\u2019AFA per organitzar activitats i impulsar projectes per a l\u2019escola.<\/p><p>Ser soci o s\u00f2cia \u00e9s una manera molt directa de donar suport a totes les activitats que es fan durant el curs.<\/p><p>A m\u00e9s, pr\u00f2ximament es posaran en marxa algunes novetats pensades per a les fam\u00edlies s\u00f2cies, com ara:<\/p><ul><li>Preus redu\u00efts a les festes de l\u2019AFA<\/li><li>Carnet digital de soci per identificar-se i gaudir d\u2019aquests avantatges<\/li><\/ul><h2>Les comissions: el motor de l\u2019AFA<\/h2><p>Gran part de la feina de l\u2019AFA es fa a trav\u00e9s de les comissions, on les fam\u00edlies col\u00b7laboren segons els seus interessos i disponibilitat.<\/p><p>Ara mateix hi ha diverses l\u00ednies de treball en marxa:<\/p><ul><li><strong>Comisi\u00f3n de fiestas<\/strong>, que ja est\u00e0 preparant la barbacoa de primavera i la festa de final de curs.<\/li><li><strong>Comissi\u00f3 d\u2019extraescolars<\/strong>, que est\u00e0 treballant per millorar el funcionament de les activitats i recollir l\u2019opini\u00f3 de les fam\u00edlies a trav\u00e9s d\u2019enquestes.<\/li><li><strong>Comisi\u00f3n de comunicaci\u00f3n<\/strong>, que impulsa els canals d\u2019informaci\u00f3 de l\u2019AFA i que pr\u00f2ximament necessitar\u00e0 noves persones per ajudar en la gesti\u00f3 de la web i les xarxes.<\/li><\/ul><p>\u00a0<\/p><p>No cal tenir molt temps ni experi\u00e8ncia: tota ajuda suma, ja sigui aportant idees, donant un cop de m\u00e0 en una activitat puntual o formant part d\u2019una comissi\u00f3.<\/p><h2>Millorem la comunicaci\u00f3 amb les fam\u00edlies<\/h2><p>Tamb\u00e9 s\u2019ha acordat crear un canal de WhatsApp exclusiu per a fam\u00edlies s\u00f2cies, pensat per compartir informaci\u00f3 de manera directa i evitar sobrecarregar altres canals de comunicaci\u00f3.<\/p><p>L\u2019objectiu \u00e9s que totes les fam\u00edlies estiguin al dia del que fa l\u2019AFA i de com poden participar.<\/p><p><strong>T\u2019hi animes?<\/strong><\/p><p>L\u2019AFA nom\u00e9s t\u00e9 sentit si hi ha fam\u00edlies que hi participen. Cada nova persona aporta idees, energia i ganes de fer coses per l\u2019escola.<\/p><p>\ud83d\udc49 Si encara no ets soci o s\u00f2cia, ara \u00e9s un bon moment per sumar-te.<br \/>\ud83d\udc49 I si ja ho ets, potser pots donar un cop de m\u00e0 en alguna comissi\u00f3.<\/p><p>Entre totes i tots podem fer una AFA m\u00e9s activa, participativa i \u00fatil per a tota la comunitat educativa.<\/p><p><strong>Si vols participar o tens qualsevol dubte, posa\u2019t en contacte amb nosaltres!<\/strong><\/p>\t\t\t\t\t\t\t\t<\/div>\n\t\t\t\t<\/div>\n\t\t\t\t\t<\/div>\n\t\t<\/div>\n\t\t\t\t\t<\/div>\n\t\t<\/section>\n\t\t\t\t<\/div>","protected":false},"excerpt":{"rendered":"<p>Torneu al blog de not\u00edcies L\u2019AFA la fem entre totes les fam\u00edlies\u2026 t\u2019hi sumes? L\u2019Associaci\u00f3 de Fam\u00edlies d\u2019Alumnes (AFA) \u00e9s molt m\u00e9s que una entitat: \u00e9s l\u2019espai on les fam\u00edlies podem participar activament en la vida de l\u2019escola, proposar activitats, organitzar festes i impulsar projectes que milloren el dia a dia dels nostres fills i [&hellip;]<\/p>\n","protected":false},"author":3,"featured_media":15209,"comment_status":"closed","ping_status":"open","sticky":false,"template":"","format":"standard","meta":{"_eb_attr":"","_monsterinsights_skip_tracking":false,"_monsterinsights_sitenote_active":false,"_monsterinsights_sitenote_note":"","_monsterinsights_sitenote_category":0,"footnotes":""},"categories":[1],"tags":[],"class_list":["post-15204","post","type-post","status-publish","format-standard","has-post-thumbnail","hentry","category-sense-categoria"],"_links":{"self":[{"href":"https:\/\/www.afapaucasalshorta.cat\/es\/wp-json\/wp\/v2\/posts\/15204","targetHints":{"allow":["GET"]}}],"collection":[{"href":"https:\/\/www.afapaucasalshorta.cat\/es\/wp-json\/wp\/v2\/posts"}],"about":[{"href":"https:\/\/www.afapaucasalshorta.cat\/es\/wp-json\/wp\/v2\/types\/post"}],"author":[{"embeddable":true,"href":"https:\/\/www.afapaucasalshorta.cat\/es\/wp-json\/wp\/v2\/users\/3"}],"replies":[{"embeddable":true,"href":"https:\/\/www.afapaucasalshorta.cat\/es\/wp-json\/wp\/v2\/comments?post=15204"}],"version-history":[{"count":4,"href":"https:\/\/www.afapaucasalshorta.cat\/es\/wp-json\/wp\/v2\/posts\/15204\/revisions"}],"predecessor-version":[{"id":15208,"href":"https:\/\/www.afapaucasalshorta.cat\/es\/wp-json\/wp\/v2\/posts\/15204\/revisions\/15208"}],"wp:featuredmedia":[{"embeddable":true,"href":"https:\/\/www.afapaucasalshorta.cat\/es\/wp-json\/wp\/v2\/media\/15209"}],"wp:attachment":[{"href":"https:\/\/www.afapaucasalshorta.cat\/es\/wp-json\/wp\/v2\/media?parent=15204"}],"wp:term":[{"taxonomy":"category","embeddable":true,"href":"https:\/\/www.afapaucasalshorta.cat\/es\/wp-json\/wp\/v2\/categories?post=15204"},{"taxonomy":"post_tag","embeddable":true,"href":"https:\/\/www.afapaucasalshorta.cat\/es\/wp-json\/wp\/v2\/tags?post=15204"}],"curies":[{"name":"wp","href":"https:\/\/api.w.org\/{rel}","templated":true}]}}